{"id":587,"date":"2017-12-18T00:23:37","date_gmt":"2017-12-17T22:23:37","guid":{"rendered":"http:\/\/www.hannes-heller.info\/blog\/?p=587"},"modified":"2019-01-08T23:11:07","modified_gmt":"2019-01-08T21:11:07","slug":"donaukanal-fur-alle","status":"publish","type":"post","link":"http:\/\/www.hannes-heller.info\/blog\/donaukanal-fur-alle\/","title":{"rendered":"Donaukanal f\u00fcr alle!"},"content":{"rendered":"<p>Fotos vom Donaukanal aus dem letzten Jahr. Ich mag die verschiedenen Seiten und Stimmungen vom Donaukanal, der seine ganz eigene urbane Qualit\u00e4t hat. Ich bin sehr daf\u00fcr, dass die nichtkommerziellen Nutzungsm\u00f6glichkeiten erhalten bleiben. Daf\u00fcr gibt es aktuell eine Petition, gegen den Ausverkauf des \u00f6ffentlichen Raums am Donaukanal, unterst\u00fctzenswert!<br \/>\n<br \/> <a href=\"https:\/\/donaucanale.wordpress.com\">https:\/\/donaucanale.wordpress.com <\/a><br \/>\n#donaukanal<\/p>\n\n\t\t<style type=\"text\/css\">\n\t\t\t#gallery-1 {\n\t\t\t\tmargin: auto;\n\t\t\t}\n\t\t\t#gallery-1 .gallery-item {\n\t\t\t\tfloat: left;\n\t\t\t\tmargin-top: 10px;\n\t\t\t\ttext-align: center;\n\t\t\t\twidth: 33%;\n\t\t\t}\n\t\t\t#gallery-1 img {\n\t\t\t\tborder: 2px solid #cfcfcf;\n\t\t\t}\n\t\t\t#gallery-1 .gallery-caption {\n\t\t\t\tmargin-left: 0;\n\t\t\t}\n\t\t\t\/* see gallery_shortcode() in wp-includes\/media.php *\/\n\t\t<\/style>\n\t\t<div id='gallery-1' class='gallery galleryid-587 gallery-columns-3 gallery-size-thumbnail'><dl class='gallery-item'>\n\t\t\t<dt class='gallery-icon landscape'>\n\t\t\t\t<a href='http:\/\/www.hannes-heller.info\/blog\/wp-content\/uploads\/2017\/12\/Donaukanal-1.jpg' title=\"\" data-rl_title=\"\" class=\"rl-gallery-link\" data-rl_caption=\"\" data-rel=\"lightbox-gallery-1\"><img loading=\"lazy\" decoding=\"async\" width=\"150\" height=\"150\" src=\"http:\/\/www.hannes-heller.info\/blog\/wp-content\/uploads\/2017\/12\/Donaukanal-1-150x150.jpg\" class=\"attachment-thumbnail size-thumbnail\" alt=\"\" \/><\/a>\n\t\t\t<\/dt><\/dl><dl class='gallery-item'>\n\t\t\t<dt class='gallery-icon landscape'>\n\t\t\t\t<a href='http:\/\/www.hannes-heller.info\/blog\/wp-content\/uploads\/2017\/12\/Donaukanal-2.jpg' title=\"\" data-rl_title=\"\" class=\"rl-gallery-link\" data-rl_caption=\"\" data-rel=\"lightbox-gallery-1\"><img loading=\"lazy\" decoding=\"async\" width=\"150\" height=\"150\" src=\"http:\/\/www.hannes-heller.info\/blog\/wp-content\/uploads\/2017\/12\/Donaukanal-2-150x150.jpg\" class=\"attachment-thumbnail size-thumbnail\" alt=\"\" \/><\/a>\n\t\t\t<\/dt><\/dl><dl class='gallery-item'>\n\t\t\t<dt class='gallery-icon landscape'>\n\t\t\t\t<a href='http:\/\/www.hannes-heller.info\/blog\/wp-content\/uploads\/2017\/12\/Donaukanal-3.jpg' title=\"\" data-rl_title=\"\" class=\"rl-gallery-link\" data-rl_caption=\"\" data-rel=\"lightbox-gallery-1\"><img loading=\"lazy\" decoding=\"async\" width=\"150\" height=\"150\" src=\"http:\/\/www.hannes-heller.info\/blog\/wp-content\/uploads\/2017\/12\/Donaukanal-3-150x150.jpg\" class=\"attachment-thumbnail size-thumbnail\" alt=\"\" \/><\/a>\n\t\t\t<\/dt><\/dl><br style=\"clear: both\" \/><dl class='gallery-item'>\n\t\t\t<dt class='gallery-icon landscape'>\n\t\t\t\t<a href='http:\/\/www.hannes-heller.info\/blog\/wp-content\/uploads\/2017\/12\/Donaukanal-4.jpg' title=\"\" data-rl_title=\"\" class=\"rl-gallery-link\" data-rl_caption=\"\" data-rel=\"lightbox-gallery-1\"><img loading=\"lazy\" decoding=\"async\" width=\"150\" height=\"150\" src=\"http:\/\/www.hannes-heller.info\/blog\/wp-content\/uploads\/2017\/12\/Donaukanal-4-150x150.jpg\" class=\"attachment-thumbnail size-thumbnail\" alt=\"\" \/><\/a>\n\t\t\t<\/dt><\/dl><dl class='gallery-item'>\n\t\t\t<dt class='gallery-icon landscape'>\n\t\t\t\t<a href='http:\/\/www.hannes-heller.info\/blog\/wp-content\/uploads\/2017\/12\/Donaukanal-5.jpg' title=\"\" data-rl_title=\"\" class=\"rl-gallery-link\" data-rl_caption=\"\" data-rel=\"lightbox-gallery-1\"><img loading=\"lazy\" decoding=\"async\" width=\"150\" height=\"150\" src=\"http:\/\/www.hannes-heller.info\/blog\/wp-content\/uploads\/2017\/12\/Donaukanal-5-150x150.jpg\" class=\"attachment-thumbnail size-thumbnail\" alt=\"\" \/><\/a>\n\t\t\t<\/dt><\/dl><dl class='gallery-item'>\n\t\t\t<dt class='gallery-icon landscape'>\n\t\t\t\t<a href='http:\/\/www.hannes-heller.info\/blog\/wp-content\/uploads\/2017\/12\/Donaukanal-6.jpg' title=\"\" data-rl_title=\"\" class=\"rl-gallery-link\" data-rl_caption=\"\" data-rel=\"lightbox-gallery-1\"><img loading=\"lazy\" decoding=\"async\" width=\"150\" height=\"150\" src=\"http:\/\/www.hannes-heller.info\/blog\/wp-content\/uploads\/2017\/12\/Donaukanal-6-150x150.jpg\" class=\"attachment-thumbnail size-thumbnail\" alt=\"\" \/><\/a>\n\t\t\t<\/dt><\/dl><br style=\"clear: both\" \/><dl class='gallery-item'>\n\t\t\t<dt class='gallery-icon landscape'>\n\t\t\t\t<a href='http:\/\/www.hannes-heller.info\/blog\/wp-content\/uploads\/2017\/12\/Donaukanal-7.jpg' title=\"\" data-rl_title=\"\" class=\"rl-gallery-link\" data-rl_caption=\"\" data-rel=\"lightbox-gallery-1\"><img loading=\"lazy\" decoding=\"async\" width=\"150\" height=\"150\" src=\"http:\/\/www.hannes-heller.info\/blog\/wp-content\/uploads\/2017\/12\/Donaukanal-7-150x150.jpg\" class=\"attachment-thumbnail size-thumbnail\" alt=\"\" \/><\/a>\n\t\t\t<\/dt><\/dl><dl class='gallery-item'>\n\t\t\t<dt class='gallery-icon landscape'>\n\t\t\t\t<a href='http:\/\/www.hannes-heller.info\/blog\/wp-content\/uploads\/2017\/12\/Donaukanal-8.jpg' title=\"\" data-rl_title=\"\" class=\"rl-gallery-link\" data-rl_caption=\"\" data-rel=\"lightbox-gallery-1\"><img loading=\"lazy\" decoding=\"async\" width=\"150\" height=\"150\" src=\"http:\/\/www.hannes-heller.info\/blog\/wp-content\/uploads\/2017\/12\/Donaukanal-8-150x150.jpg\" class=\"attachment-thumbnail size-thumbnail\" alt=\"\" \/><\/a>\n\t\t\t<\/dt><\/dl><dl class='gallery-item'>\n\t\t\t<dt class='gallery-icon landscape'>\n\t\t\t\t<a href='http:\/\/www.hannes-heller.info\/blog\/wp-content\/uploads\/2017\/12\/Donaukanal-9.jpg' title=\"\" data-rl_title=\"\" class=\"rl-gallery-link\" data-rl_caption=\"\" data-rel=\"lightbox-gallery-1\"><img loading=\"lazy\" decoding=\"async\" width=\"150\" height=\"150\" src=\"http:\/\/www.hannes-heller.info\/blog\/wp-content\/uploads\/2017\/12\/Donaukanal-9-150x150.jpg\" class=\"attachment-thumbnail size-thumbnail\" alt=\"\" \/><\/a>\n\t\t\t<\/dt><\/dl><br style=\"clear: both\" \/><dl class='gallery-item'>\n\t\t\t<dt class='gallery-icon landscape'>\n\t\t\t\t<a href='http:\/\/www.hannes-heller.info\/blog\/wp-content\/uploads\/2017\/12\/Donaukanal-10.jpg' title=\"\" data-rl_title=\"\" class=\"rl-gallery-link\" data-rl_caption=\"\" data-rel=\"lightbox-gallery-1\"><img loading=\"lazy\" decoding=\"async\" width=\"150\" height=\"150\" src=\"http:\/\/www.hannes-heller.info\/blog\/wp-content\/uploads\/2017\/12\/Donaukanal-10-150x150.jpg\" class=\"attachment-thumbnail size-thumbnail\" alt=\"\" \/><\/a>\n\t\t\t<\/dt><\/dl><dl class='gallery-item'>\n\t\t\t<dt class='gallery-icon landscape'>\n\t\t\t\t<a href='http:\/\/www.hannes-heller.info\/blog\/wp-content\/uploads\/2017\/12\/Donaukanal-11.jpg' title=\"\" data-rl_title=\"\" class=\"rl-gallery-link\" data-rl_caption=\"\" data-rel=\"lightbox-gallery-1\"><img loading=\"lazy\" decoding=\"async\" width=\"150\" height=\"150\" src=\"http:\/\/www.hannes-heller.info\/blog\/wp-content\/uploads\/2017\/12\/Donaukanal-11-150x150.jpg\" class=\"attachment-thumbnail size-thumbnail\" alt=\"\" \/><\/a>\n\t\t\t<\/dt><\/dl><dl class='gallery-item'>\n\t\t\t<dt class='gallery-icon landscape'>\n\t\t\t\t<a href='http:\/\/www.hannes-heller.info\/blog\/wp-content\/uploads\/2017\/12\/Donaukanal-12.jpg' title=\"\" data-rl_title=\"\" class=\"rl-gallery-link\" data-rl_caption=\"\" data-rel=\"lightbox-gallery-1\"><img loading=\"lazy\" decoding=\"async\" width=\"150\" height=\"150\" src=\"http:\/\/www.hannes-heller.info\/blog\/wp-content\/uploads\/2017\/12\/Donaukanal-12-150x150.jpg\" class=\"attachment-thumbnail size-thumbnail\" alt=\"\" \/><\/a>\n\t\t\t<\/dt><\/dl><br style=\"clear: both\" \/>\n\t\t<\/div>\n\n","protected":false},"excerpt":{"rendered":"<p>Fotos vom Donaukanal aus dem letzten Jahr. Ich mag die verschiedenen Seiten und Stimmungen vom Donaukanal, der seine ganz eigene urbane Qualit\u00e4t hat. Ich bin sehr daf\u00fcr, dass die nichtkommerziellen Nutzungsm\u00f6glichkeiten erhalten bleiben. Daf\u00fcr gibt es aktuell eine Petition, gegen den Ausverkauf des \u00f6ffentlichen Raums am Donaukanal, unterst\u00fctzenswert! https:\/\/donaucanale.wordpress.com #donaukanal<\/p>\n","protected":false},"author":1,"featured_media":0,"comment_status":"open","ping_status":"open","sticky":false,"template":"","format":"standard","meta":{"footnotes":""},"categories":[5],"tags":[],"class_list":["post-587","post","type-post","status-publish","format-standard","hentry","category-weekendchill"],"_links":{"self":[{"href":"http:\/\/www.hannes-heller.info\/blog\/wp-json\/wp\/v2\/posts\/587","targetHints":{"allow":["GET"]}}],"collection":[{"href":"http:\/\/www.hannes-heller.info\/blog\/wp-json\/wp\/v2\/posts"}],"about":[{"href":"http:\/\/www.hannes-heller.info\/blog\/wp-json\/wp\/v2\/types\/post"}],"author":[{"embeddable":true,"href":"http:\/\/www.hannes-heller.info\/blog\/wp-json\/wp\/v2\/users\/1"}],"replies":[{"embeddable":true,"href":"http:\/\/www.hannes-heller.info\/blog\/wp-json\/wp\/v2\/comments?post=587"}],"version-history":[{"count":5,"href":"http:\/\/www.hannes-heller.info\/blog\/wp-json\/wp\/v2\/posts\/587\/revisions"}],"predecessor-version":[{"id":606,"href":"http:\/\/www.hannes-heller.info\/blog\/wp-json\/wp\/v2\/posts\/587\/revisions\/606"}],"wp:attachment":[{"href":"http:\/\/www.hannes-heller.info\/blog\/wp-json\/wp\/v2\/media?parent=587"}],"wp:term":[{"taxonomy":"category","embeddable":true,"href":"http:\/\/www.hannes-heller.info\/blog\/wp-json\/wp\/v2\/categories?post=587"},{"taxonomy":"post_tag","embeddable":true,"href":"http:\/\/www.hannes-heller.info\/blog\/wp-json\/wp\/v2\/tags?post=587"}],"curies":[{"name":"wp","href":"https:\/\/api.w.org\/{rel}","templated":true}]}}